{"id":122,"date":"2025-10-21T13:06:00","date_gmt":"2025-10-21T13:06:00","guid":{"rendered":"https:\/\/mebllegro.pl\/content\/?p=122"},"modified":"2025-10-18T18:22:07","modified_gmt":"2025-10-18T18:22:07","slug":"stol-kwadratowy-czy-okragly-porownanie","status":"publish","type":"post","link":"https:\/\/mebllegro.pl\/content\/stol-kwadratowy-czy-okragly-porownanie\/","title":{"rendered":"St\u00f3\u0142 kwadratowy czy okr\u0105g\u0142y \u2013 kt\u00f3ry lepiej sprawdzi si\u0119 w ma\u0142ych i \u015brednich pomieszczeniach?"},"content":{"rendered":"\n<p>Wyb\u00f3r odpowiedniego sto\u0142u to nie tylko kwestia gustu, ale r\u00f3wnie\u017c funkcjonalno\u015bci i dopasowania do przestrzeni. W ma\u0142ych i \u015brednich pomieszczeniach ka\u017cdy centymetr ma znaczenie, dlatego warto dobrze przemy\u015ble\u0107, czy lepszym rozwi\u0105zaniem b\u0119dzie <strong><a href=\"\/55-stoly-kwadratowe\">st\u00f3\u0142 kwadratowy<\/a><\/strong>, czy mo\u017ce <strong><a href=\"\/54-stoly-okragle\">st\u00f3\u0142 okr\u0105g\u0142y<\/a><\/strong>. Oba warianty maj\u0105 swoje zalety i ograniczenia, kt\u00f3re wp\u0142ywaj\u0105 na komfort codziennego u\u017cytkowania.<\/p>\n\n\n\n<p>W tym poradniku por\u00f3wnujemy oba kszta\u0142ty pod k\u0105tem ergonomii, liczby miejsc siedz\u0105cych, wygl\u0105du i praktyczno\u015bci w r\u00f3\u017cnych typach wn\u0119trz.<\/p>\n\n\n\n<h2 class=\"wp-block-heading\">St\u00f3\u0142 kwadratowy \u2013 zalety i wady<\/h2>\n\n\n\n<p>St\u00f3\u0142 w kszta\u0142cie kwadratu to klasyczny wyb\u00f3r, kt\u00f3ry \u015bwietnie sprawdza si\u0119 w pomieszczeniach o zbli\u017conych proporcjach. Dzi\u0119ki r\u00f3wnym bokom wpasowuje si\u0119 harmonijnie w przestrze\u0144, a jego geometryczna forma dobrze komponuje si\u0119 z nowoczesnym wystrojem.<\/p>\n\n\n\n<h3 class=\"wp-block-heading\">Zalety sto\u0142u kwadratowego<\/h3>\n\n\n\n<ol class=\"wp-block-list\">\n<li><strong>Symetria i porz\u0105dek<\/strong> \u2013 kszta\u0142t idealnie wpisuje si\u0119 w pomieszczenia kwadratowe, tworz\u0105c wra\u017cenie r\u00f3wnowagi.<\/li>\n\n\n\n<li><strong>\u0141atwe ustawienie<\/strong> \u2013 mo\u017cna go postawi\u0107 zar\u00f3wno centralnie, jak i w rogu pomieszczenia, co jest szczeg\u00f3lnie przydatne w ma\u0142ych kuchniach.<\/li>\n\n\n\n<li><strong>Komfort rozmowy<\/strong> \u2013 wszystkie osoby siedz\u0105 w podobnej odleg\u0142o\u015bci od siebie, co u\u0142atwia kontakt i wsp\u00f3lne posi\u0142ki.<\/li>\n\n\n\n<li><strong>Uniwersalno\u015b\u0107<\/strong> \u2013 pasuje do wn\u0119trz minimalistycznych, skandynawskich i loftowych.<\/li>\n<\/ol>\n\n\n\n<h3 class=\"wp-block-heading\">Wady sto\u0142u kwadratowego<\/h3>\n\n\n\n<ul class=\"wp-block-list\">\n<li><strong>Mniej miejsca przy kraw\u0119dziach<\/strong> \u2013 w por\u00f3wnaniu do okr\u0105g\u0142ego sto\u0142u, naro\u017cniki nie s\u0105 tak funkcjonalne.<\/li>\n\n\n\n<li><strong>Trudniejszy dost\u0119p przy wi\u0119kszej liczbie os\u00f3b<\/strong> \u2013 gdy zasi\u0105dzie przy nim wi\u0119cej ni\u017c cztery osoby, mo\u017ce brakowa\u0107 przestrzeni na \u015brodku blatu.<\/li>\n\n\n\n<li><strong>Mniej elastyczny<\/strong> \u2013 wi\u0119kszo\u015b\u0107 sto\u0142\u00f3w kwadratowych ma sta\u0142y rozmiar, rzadziej wyst\u0119puj\u0105 modele rozk\u0142adane.<\/li>\n<\/ul>\n\n\n\n<h2 class=\"wp-block-heading\">St\u00f3\u0142 okr\u0105g\u0142y \u2013 zalety i wady<\/h2>\n\n\n\n<p>St\u00f3\u0142 w kszta\u0142cie okr\u0119gu to rozwi\u0105zanie, kt\u00f3re od lat cieszy si\u0119 popularno\u015bci\u0105 dzi\u0119ki swojej lekko\u015bci wizualnej i przyjaznej formie. Idealnie nadaje si\u0119 do wn\u0119trz, w kt\u00f3rych liczy si\u0119 swoboda i integracja.<\/p>\n\n\n\n<h3 class=\"wp-block-heading\">Zalety sto\u0142u okr\u0105g\u0142ego<\/h3>\n\n\n\n<ol class=\"wp-block-list\">\n<li><strong>Brak ostrych kraw\u0119dzi<\/strong> \u2013 bezpieczny wyb\u00f3r do dom\u00f3w z dzie\u0107mi.<\/li>\n\n\n\n<li><strong>Lepsza komunikacja<\/strong> \u2013 wszyscy siedz\u0105cy maj\u0105 ze sob\u0105 bezpo\u015bredni kontakt wzrokowy.<\/li>\n\n\n\n<li><strong>Wi\u0119cej miejsc w stosunku do powierzchni<\/strong> \u2013 na tej samej przestrzeni cz\u0119sto mie\u015bci wi\u0119cej os\u00f3b ni\u017c st\u00f3\u0142 kwadratowy.<\/li>\n\n\n\n<li><strong>Stylowy wygl\u0105d<\/strong> \u2013 dobrze prezentuje si\u0119 zar\u00f3wno w klasycznych, jak i nowoczesnych aran\u017cacjach.<\/li>\n<\/ol>\n\n\n\n<h3 class=\"wp-block-heading\">Wady sto\u0142u okr\u0105g\u0142ego<\/h3>\n\n\n\n<ul class=\"wp-block-list\">\n<li><strong>Wymaga centralnego ustawienia<\/strong> \u2013 nie nadaje si\u0119 do ustawienia przy \u015bcianie, co ogranicza aran\u017cacj\u0119 ma\u0142ych pomieszcze\u0144.<\/li>\n\n\n\n<li><strong>Trudniejszy dost\u0119p do \u015brodka<\/strong> \u2013 w przypadku wi\u0119kszych sto\u0142\u00f3w trudno si\u0119gn\u0105\u0107 po potrawy ustawione w centrum.<\/li>\n\n\n\n<li><strong>Mniej praktyczny w bardzo ma\u0142ych kuchniach<\/strong> \u2013 zajmuje optycznie wi\u0119cej miejsca ni\u017c st\u00f3\u0142 kwadratowy o tej samej powierzchni.<\/li>\n<\/ul>\n\n\n\n<h2 class=\"wp-block-heading\"><a href=\"https:\/\/pl.wikipedia.org\/wiki\/Ergonomia\" target=\"_blank\" rel=\"noreferrer noopener\">Ergonomia <\/a>\u2013 ile miejsca potrzebujesz?<\/h2>\n\n\n\n<p>Aby komfortowo korzysta\u0107 ze sto\u0142u, ka\u017cda osoba powinna mie\u0107 minimum 60 cm przestrzeni przy blacie. Dodatkowo wok\u00f3\u0142 sto\u0142u warto zostawi\u0107 oko\u0142o 75\u201390 cm wolnej przestrzeni, by mo\u017cna by\u0142o swobodnie odsun\u0105\u0107 krzes\u0142o.<\/p>\n\n\n\n<h3 class=\"wp-block-heading\">Przyk\u0142adowe wymiary<\/h3>\n\n\n\n<ul class=\"wp-block-list\">\n<li><a href=\"\/55-stoly-kwadratowe\"><strong>St\u00f3\u0142 kwadratowy 80\u00d780 cm<\/strong> <\/a>\u2013 dla 2\u20134 os\u00f3b.<\/li>\n\n\n\n<li><a href=\"\/55-stoly-kwadratowe\"><strong>St\u00f3\u0142 kwadratowy 100\u00d7100 cm<\/strong> <\/a>\u2013 dla 4 os\u00f3b.<\/li>\n\n\n\n<li><a href=\"\/55-stoly-kwadratowe\"><strong>St\u00f3\u0142 kwadratowy 120\u00d7120 cm<\/strong> <\/a>\u2013 dla 4\u20136 os\u00f3b.<\/li>\n\n\n\n<li><a href=\"\/54-stoly-okragle\"><strong>St\u00f3\u0142 okr\u0105g\u0142y 100 cm \u015brednicy<\/strong> <\/a>\u2013 dla 4 os\u00f3b.<\/li>\n\n\n\n<li><a href=\"\/54-stoly-okragle\"><strong>St\u00f3\u0142 okr\u0105g\u0142y 120 cm \u015brednicy<\/strong> <\/a>\u2013 dla 4\u20136 os\u00f3b.<\/li>\n\n\n\n<li><a href=\"\/54-stoly-okragle\"><strong>St\u00f3\u0142 okr\u0105g\u0142y 140 cm \u015brednicy<\/strong> <\/a>\u2013 dla 6 os\u00f3b.<\/li>\n<\/ul>\n\n\n\n<p>W praktyce <strong>st\u00f3\u0142 okr\u0105g\u0142y<\/strong> lepiej sprawdza si\u0119 przy wi\u0119kszej liczbie go\u015bci, natomiast <strong>st\u00f3\u0142 kwadratowy<\/strong> lepiej wykorzystuje przestrze\u0144 w mniejszych kuchniach.<\/p>\n\n\n\n<h2 class=\"wp-block-heading\"><a href=\"\/55-stoly-kwadratowe\">St\u00f3\u0142 kwadratowy <\/a>w ma\u0142ych pomieszczeniach<\/h2>\n\n\n\n<p>W ma\u0142ych kuchniach lub aneksach kuchennych st\u00f3\u0142 w kszta\u0142cie kwadratu jest cz\u0119sto najlepszym wyborem. Mo\u017cna go ustawi\u0107 przy \u015bcianie lub w naro\u017cniku, a w razie potrzeby przesun\u0105\u0107 na \u015brodek. Takie rozwi\u0105zanie daje elastyczno\u015b\u0107 i pozwala efektywnie wykorzysta\u0107 przestrze\u0144.<\/p>\n\n\n\n<p>Dodatkow\u0105 zalet\u0105 jest mo\u017cliwo\u015b\u0107 wyboru sto\u0142u rozk\u0142adanego, kt\u00f3ry na co dzie\u0144 zajmuje ma\u0142o miejsca, a w razie wizyty go\u015bci mo\u017cna go powi\u0119kszy\u0107. Warto te\u017c rozwa\u017cy\u0107 model z p\u00f3\u0142kami lub szufladami pod blatem \u2013 idealny do ma\u0142ych mieszka\u0144.<\/p>\n\n\n\n<h2 class=\"wp-block-heading\"><a href=\"\/54-stoly-okragle\">St\u00f3\u0142 okr\u0105g\u0142y <\/a>w \u015brednich wn\u0119trzach<\/h2>\n\n\n\n<p>St\u00f3\u0142 w kszta\u0142cie okr\u0119gu najlepiej prezentuje si\u0119 w jadalniach lub salonach o \u015bredniej wielko\u015bci. Ustawiony centralnie staje si\u0119 naturalnym punktem spotka\u0144. Wnosi do wn\u0119trza lekko\u015b\u0107 i elegancj\u0119.<\/p>\n\n\n\n<p>Dzi\u0119ki rozk\u0142adanym wk\u0142adkom mo\u017cna \u0142atwo zwi\u0119kszy\u0107 jego \u015brednic\u0119 i pomie\u015bci\u0107 wi\u0119ksz\u0105 liczb\u0119 os\u00f3b. To doskona\u0142y wyb\u00f3r dla rodzin, kt\u00f3re cz\u0119sto zapraszaj\u0105 znajomych lub organizuj\u0105 przyj\u0119cia.<\/p>\n\n\n\n<p>Je\u015bli chcesz zobaczy\u0107 dost\u0119pne modele sto\u0142\u00f3w okr\u0105g\u0142ych i kwadratowych, przejd\u017a do sklepu i sprawd\u017a kategori\u0119 sto\u0142y.<\/p>\n\n\n\n<h2 class=\"wp-block-heading\">Gdzie sprawdzi si\u0119 st\u00f3\u0142 kwadratowy, a gdzie okr\u0105g\u0142y?<\/h2>\n\n\n\n<figure class=\"wp-block-table\"><table class=\"has-fixed-layout\"><thead><tr><th>Typ pomieszczenia<\/th><th>Lepszy wyb\u00f3r<\/th><th>Uzasadnienie<\/th><\/tr><\/thead><tbody><tr><td>Ma\u0142a kuchnia<\/td><td>kwadratowy<\/td><td>Mo\u017cliwo\u015b\u0107 dosuni\u0119cia do \u015bciany i oszcz\u0119dno\u015b\u0107 miejsca<\/td><\/tr><tr><td>Jadalnia o \u015brednim metra\u017cu<\/td><td>okr\u0105g\u0142y<\/td><td>Lepsza komunikacja i centralny uk\u0142ad<\/td><\/tr><tr><td>Salon z aneksem<\/td><td>okr\u0105g\u0142y<\/td><td>Tworzy przytuln\u0105 stref\u0119 jadalnian\u0105<\/td><\/tr><tr><td>Pomieszczenie prostok\u0105tne<\/td><td>kwadratowy<\/td><td>\u0141atwiejsze dopasowanie do uk\u0142adu wn\u0119trza<\/td><\/tr><tr><td>Pomieszczenie otwarte<\/td><td>okr\u0105g\u0142y<\/td><td>Nadaje wn\u0119trzu mi\u0119kko\u015bci i harmonii<\/td><\/tr><\/tbody><\/table><\/figure>\n\n\n\n<h2 class=\"wp-block-heading\">Materia\u0142 i styl<\/h2>\n\n\n\n<p>Niezale\u017cnie od kszta\u0142tu, warto zwr\u00f3ci\u0107 uwag\u0119 na materia\u0142 wykonania. Sto\u0142y drewniane s\u0105 trwa\u0142e i ponadczasowe, laminowane \u2013 \u0142atwe w czyszczeniu, a metalowe lub szklane dodaj\u0105 nowoczesno\u015bci.<\/p>\n\n\n\n<p>St\u00f3\u0142 w kszta\u0142cie kwadratu cz\u0119sto kojarzy si\u0119 z prostot\u0105 i minimalizmem. Pasuje do wn\u0119trz skandynawskich, loftowych i nowoczesnych.<br>St\u00f3\u0142 w kszta\u0142cie okr\u0119gu natomiast wnosi ciep\u0142o i mi\u0119kko\u015b\u0107 \u2013 \u015bwietnie wygl\u0105da w stylu glamour, klasycznym lub boho.<\/p>\n\n\n\n<h2 class=\"wp-block-heading\">FAQ \u2013 najcz\u0119\u015bciej zadawane pytania<\/h2>\n\n\n\n<p><strong>Czy okr\u0105g\u0142y st\u00f3\u0142 zajmuje wi\u0119cej miejsca ni\u017c st\u00f3\u0142 kwadratowy?<\/strong><br>Nie zawsze. W ma\u0142ym pomieszczeniu st\u00f3\u0142 okr\u0105g\u0142y o \u015brednicy 100 cm mo\u017ce wygl\u0105da\u0107 l\u017cej ni\u017c kwadratowy 100\u00d7100 cm, ale wymaga centralnego ustawienia.<\/p>\n\n\n\n<p><strong>Ile os\u00f3b zmie\u015bci si\u0119 przy stole kwadratowym 120\u00d7120 cm?<\/strong><br>Zazwyczaj wygodnie usi\u0105dzie 4\u20136 os\u00f3b, w zale\u017cno\u015bci od szeroko\u015bci krzese\u0142.<\/p>\n\n\n\n<p><strong>Czy okr\u0105g\u0142y <a href=\"https:\/\/pl.wikipedia.org\/wiki\/St%C3%B3%C5%82\" target=\"_blank\" rel=\"noreferrer noopener\">st\u00f3\u0142 <\/a> jest praktyczny w kuchni?<\/strong><br>Tak, je\u015bli kuchnia ma wystarczaj\u0105co du\u017co miejsca na centralne ustawienie sto\u0142u i swobodne przej\u015bcie wok\u00f3\u0142 niego.<\/p>\n\n\n\n<p><strong>Kt\u00f3ry st\u00f3\u0142 jest bezpieczniejszy dla dzieci?<\/strong><br><strong>St\u00f3\u0142 okr\u0105g\u0142y<\/strong> \u2013 brak ostrych kraw\u0119dzi minimalizuje ryzyko uderzenia.<\/p>\n\n\n\n<h2 class=\"wp-block-heading\">Podsumowanie<\/h2>\n\n\n\n<p>Zar\u00f3wno <strong>st\u00f3\u0142 kwadratowy<\/strong>, jak i <strong>st\u00f3\u0142 okr\u0105g\u0142y<\/strong> maj\u0105 swoje mocne strony. W ma\u0142ych pomieszczeniach lepiej sprawdzi si\u0119 kwadratowy model, kt\u00f3ry mo\u017cna dosun\u0105\u0107 do \u015bciany. W wi\u0119kszych i \u015brednich wn\u0119trzach warto postawi\u0107 na okr\u0105g\u0142y st\u00f3\u0142, kt\u00f3ry sprzyja rozmowie i tworzy przyjemn\u0105 atmosfer\u0119.<\/p>\n\n\n\n<p>Przy wyborze warto kierowa\u0107 si\u0119 nie tylko wygl\u0105dem, ale te\u017c funkcjonalno\u015bci\u0105 \u2013 uwzgl\u0119dnij przestrze\u0144, liczb\u0119 os\u00f3b oraz styl wn\u0119trza. Sprawd\u017a dost\u0119pne modele w kategorii sto\u0142y i znajd\u017a idealny mebel do swojego domu.<\/p>\n","protected":false},"excerpt":{"rendered":"<p>Wyb\u00f3r odpowiedniego sto\u0142u to nie tylko kwestia gustu, ale r\u00f3wnie\u017c funkcjonalno\u015bci i dopasowania do przestrzeni. W ma\u0142ych i \u015brednich pomieszczeniach ka\u017cdy centymetr ma znaczenie, dlatego warto dobrze przemy\u015ble\u0107, czy lepszym rozwi\u0105zaniem b\u0119dzie st\u00f3\u0142 kwadratowy, czy mo\u017ce st\u00f3\u0142 okr\u0105g\u0142y. Oba warianty maj\u0105 swoje zalety i ograniczenia, kt\u00f3re wp\u0142ywaj\u0105 na komfort codziennego u\u017cytkowania. W tym poradniku por\u00f3wnujemy [&hellip;]<\/p>\n","protected":false},"author":1,"featured_media":123,"comment_status":"closed","ping_status":"open","sticky":false,"template":"","format":"standard","meta":{"footnotes":""},"categories":[1],"tags":[],"class_list":["post-122","post","type-post","status-publish","format-standard","has-post-thumbnail","hentry","category-mebllegro"],"_links":{"self":[{"href":"https:\/\/mebllegro.pl\/content\/wp-json\/wp\/v2\/posts\/122","targetHints":{"allow":["GET"]}}],"collection":[{"href":"https:\/\/mebllegro.pl\/content\/wp-json\/wp\/v2\/posts"}],"about":[{"href":"https:\/\/mebllegro.pl\/content\/wp-json\/wp\/v2\/types\/post"}],"author":[{"embeddable":true,"href":"https:\/\/mebllegro.pl\/content\/wp-json\/wp\/v2\/users\/1"}],"replies":[{"embeddable":true,"href":"https:\/\/mebllegro.pl\/content\/wp-json\/wp\/v2\/comments?post=122"}],"version-history":[{"count":1,"href":"https:\/\/mebllegro.pl\/content\/wp-json\/wp\/v2\/posts\/122\/revisions"}],"predecessor-version":[{"id":124,"href":"https:\/\/mebllegro.pl\/content\/wp-json\/wp\/v2\/posts\/122\/revisions\/124"}],"wp:featuredmedia":[{"embeddable":true,"href":"https:\/\/mebllegro.pl\/content\/wp-json\/wp\/v2\/media\/123"}],"wp:attachment":[{"href":"https:\/\/mebllegro.pl\/content\/wp-json\/wp\/v2\/media?parent=122"}],"wp:term":[{"taxonomy":"category","embeddable":true,"href":"https:\/\/mebllegro.pl\/content\/wp-json\/wp\/v2\/categories?post=122"},{"taxonomy":"post_tag","embeddable":true,"href":"https:\/\/mebllegro.pl\/content\/wp-json\/wp\/v2\/tags?post=122"}],"curies":[{"name":"wp","href":"https:\/\/api.w.org\/{rel}","templated":true}]}}