{"id":487,"date":"2026-04-21T08:56:24","date_gmt":"2026-04-21T08:56:24","guid":{"rendered":"https:\/\/mebllegro.pl\/content\/?p=487"},"modified":"2026-04-21T08:56:24","modified_gmt":"2026-04-21T08:56:24","slug":"stol-do-kuchni-2-osoby","status":"publish","type":"post","link":"https:\/\/mebllegro.pl\/content\/stol-do-kuchni-2-osoby\/","title":{"rendered":"St\u00f3\u0142 do kuchni 2 osoby \u2013 jakie opcje wybra\u0107 do ma\u0142ej przestrzeni"},"content":{"rendered":"\n<p>Wyb\u00f3r odpowiedniego sto\u0142u do niewielkiej kuchni mo\u017ce wydawa\u0107 si\u0119 prosty, ale w praktyce wymaga przemy\u015blenia kilku kluczowych kwestii. st\u00f3\u0142 do kuchni 2 osoby powinien by\u0107 nie tylko dopasowany do dost\u0119pnego miejsca, ale te\u017c funkcjonalny i wygodny w codziennym u\u017cytkowaniu. W ma\u0142ych mieszkaniach ka\u017cdy centymetr ma znaczenie, dlatego decyzja o zakupie sto\u0142u powinna uwzgl\u0119dnia\u0107 zar\u00f3wno jego rozmiar, jak i konstrukcj\u0119.<\/p>\n\n\n\n<p>W tym poradniku znajdziesz konkretne opcje oraz wskaz\u00f3wki, kt\u00f3re pomog\u0105 dobra\u0107 idealny model do Twojej kuchni.<\/p>\n\n\n\n<h2 class=\"wp-block-heading\">Ma\u0142y st\u00f3\u0142 dla 2 os\u00f3b kuchnia \u2013 jakie kszta\u0142ty s\u0105 dost\u0119pne<\/h2>\n\n\n\n<p>W przypadku ma\u0142ych przestrzeni kszta\u0142t sto\u0142u ma du\u017ce znaczenie. ma\u0142y st\u00f3\u0142 dla 2 os\u00f3b kuchnia mo\u017ce wyst\u0119powa\u0107 w kilku wariantach, kt\u00f3re r\u00f3\u017cni\u0105 si\u0119 funkcjonalno\u015bci\u0105 i sposobem ustawienia.<\/p>\n\n\n\n<h3 class=\"wp-block-heading\">Najcz\u0119\u015bciej wybierane kszta\u0142ty sto\u0142\u00f3w:<\/h3>\n\n\n\n<ul class=\"wp-block-list\">\n<li>prostok\u0105tny \u2013 \u0142atwy do ustawienia przy \u015bcianie<\/li>\n\n\n\n<li>kwadratowy \u2013 kompaktowy i symetryczny<\/li>\n\n\n\n<li>okr\u0105g\u0142y \u2013 zajmuje mniej miejsca wizualnie<\/li>\n\n\n\n<li>p\u00f3\u0142okr\u0105g\u0142y \u2013 idealny do ustawienia przy \u015bcianie<\/li>\n<\/ul>\n\n\n\n<p>Ka\u017cdy z tych wariant\u00f3w ma swoje zalety. Prostok\u0105tny model sprawdzi si\u0119 tam, gdzie liczy si\u0119 maksymalne wykorzystanie przestrzeni. Okr\u0105g\u0142y natomiast lepiej wpisuje si\u0119 w ma\u0142e, przytulne wn\u0119trza i u\u0142atwia poruszanie si\u0119 wok\u00f3\u0142 sto\u0142u.<\/p>\n\n\n\n<div class=\"wp-block-buttons is-layout-flex wp-block-buttons-is-layout-flex\">\n<div class=\"wp-block-button\"><a class=\"wp-block-button__link has-white-color has-luminous-vivid-orange-background-color has-text-color has-background has-link-color wp-element-button\" href=\"https:\/\/mebllegro.pl\/75-male-stoliki\">Przegl\u0105dnij ofert\u0119<\/a><\/div>\n<\/div>\n\n\n\n<h2 class=\"wp-block-heading\">St\u00f3\u0142 dwuosobowy kuchenny \u2013 wymiary i ergonomia<\/h2>\n\n\n\n<p>Dobieraj\u0105c st\u00f3\u0142 dwuosobowy kuchenny, warto zwr\u00f3ci\u0107 uwag\u0119 na jego wymiary. Zbyt du\u017cy model zdominuje wn\u0119trze, a zbyt ma\u0142y b\u0119dzie niewygodny.<\/p>\n\n\n\n<h3 class=\"wp-block-heading\">Optymalne wymiary sto\u0142u dla dw\u00f3ch os\u00f3b:<\/h3>\n\n\n\n<figure class=\"wp-block-table\"><table class=\"has-fixed-layout\"><thead><tr><th>Typ sto\u0142u<\/th><th>Minimalna szeroko\u015b\u0107<\/th><th>Minimalna d\u0142ugo\u015b\u0107<\/th><\/tr><\/thead><tbody><tr><td>prostok\u0105tny<\/td><td>60 cm<\/td><td>80 cm<\/td><\/tr><tr><td>kwadratowy<\/td><td>70 cm<\/td><td>70 cm<\/td><\/tr><tr><td>okr\u0105g\u0142y<\/td><td>\u015brednica 70\u201390 cm<\/td><td>&#8211;<\/td><\/tr><\/tbody><\/table><\/figure>\n\n\n\n<p>Wa\u017cne jest r\u00f3wnie\u017c zachowanie przestrzeni wok\u00f3\u0142 sto\u0142u. Zaleca si\u0119 minimum 70 cm wolnego miejsca, aby swobodnie odsuwa\u0107 krzes\u0142a i porusza\u0107 si\u0119 po kuchni.<\/p>\n\n\n\n<p>Je\u015bli szukasz inspiracji do aran\u017cacji, sprawd\u017a tak\u017ce nasze us\u0142ugi SEO oraz przyk\u0142adowe realizacje mebli, gdzie znajdziesz r\u00f3\u017cne uk\u0142ady kuchni.<\/p>\n\n\n\n<h2 class=\"wp-block-heading\">Ma\u0142y st\u00f3\u0142 kuchenny 2 osoby \u2013 funkcjonalne rozwi\u0105zania<\/h2>\n\n\n\n<p>Nowoczesne wn\u0119trza wymagaj\u0105 sprytnych rozwi\u0105za\u0144. <strong>ma\u0142y st\u00f3\u0142 kuchenny 2 osoby<\/strong> mo\u017ce mie\u0107 dodatkowe funkcje, kt\u00f3re zwi\u0119kszaj\u0105 jego praktyczno\u015b\u0107.<\/p>\n\n\n\n<h3 class=\"wp-block-heading\">Popularne rozwi\u0105zania:<\/h3>\n\n\n\n<ul class=\"wp-block-list\">\n<li>sto\u0142y rozk\u0142adane<\/li>\n\n\n\n<li>sto\u0142y sk\u0142adane montowane do \u015bciany<\/li>\n\n\n\n<li>sto\u0142y z p\u00f3\u0142kami lub schowkami<\/li>\n<\/ul>\n\n\n\n<p>Sto\u0142y rozk\u0142adane to dobre rozwi\u0105zanie dla os\u00f3b, kt\u00f3re czasem potrzebuj\u0105 wi\u0119cej miejsca, np. podczas wizyty go\u015bci. Modele sk\u0142adane sprawdzaj\u0105 si\u0119 w bardzo ma\u0142ych kuchniach, gdzie liczy si\u0119 ka\u017cdy metr.<\/p>\n\n\n\n<p>Je\u015bli nie masz pewno\u015bci, kt\u00f3ry model wybra\u0107, skontaktuj si\u0119 z nami i zobacz nasze sto\u0142y dopasowane do ma\u0142ych przestrzeni \u2013 pomo\u017cemy dobra\u0107 odpowiednie rozwi\u0105zanie.<\/p>\n\n\n\n<div class=\"wp-block-buttons is-layout-flex wp-block-buttons-is-layout-flex\">\n<div class=\"wp-block-button\"><a class=\"wp-block-button__link has-white-color has-luminous-vivid-orange-background-color has-text-color has-background has-link-color wp-element-button\" href=\"https:\/\/mebllegro.pl\/75-male-stoliki\">Kup ma\u0142y st\u00f3\u0142<\/a><\/div>\n<\/div>\n\n\n\n<h2 class=\"wp-block-heading\">St\u00f3\u0142 do ma\u0142ego mieszkania 2 osoby \u2013 styl i materia\u0142<\/h2>\n\n\n\n<p>Estetyka sto\u0142u ma du\u017cy wp\u0142yw na odbi\u00f3r ca\u0142ego wn\u0119trza. <strong>st\u00f3\u0142 do ma\u0142ego mieszkania 2 osoby<\/strong> powinien by\u0107 dopasowany do stylu kuchni.<\/p>\n\n\n\n<h3 class=\"wp-block-heading\">Najcz\u0119\u015bciej wybierane materia\u0142y:<\/h3>\n\n\n\n<ul class=\"wp-block-list\">\n<li>drewno \u2013 trwa\u0142e i uniwersalne<\/li>\n\n\n\n<li>p\u0142yta MDF \u2013 ta\u0144sza alternatywa<\/li>\n\n\n\n<li>metal + drewno \u2013 styl industrialny<\/li>\n\n\n\n<li>szk\u0142o \u2013 optyczne powi\u0119kszenie przestrzeni<\/li>\n<\/ul>\n\n\n\n<p>Drewniane sto\u0142y s\u0105 najbardziej uniwersalne i pasuj\u0105 do wielu aran\u017cacji. Szk\u0142o natomiast dobrze sprawdza si\u0119 w bardzo ma\u0142ych kuchniach, poniewa\u017c nie przyt\u0142acza wn\u0119trza.<\/p>\n\n\n\n<p>Warto te\u017c pami\u0119ta\u0107, \u017ce jasne kolory optycznie powi\u0119kszaj\u0105 przestrze\u0144, co ma znaczenie w ma\u0142ych mieszkaniach. Dowiedz si\u0119 jak <a href=\"https:\/\/www.ikea.com\/pl\/pl\/ideas\/doradzamy-jaki-wybrac-stol-do-malej-kuchni-pub176d83d0\/\" target=\"_blank\" rel=\"noopener\">wybra\u0107 st\u00f3\u0142<\/a>.<\/p>\n\n\n\n<h2 class=\"wp-block-heading\">Jak ustawi\u0107 st\u00f3\u0142 do kuchni 2 osoby w ma\u0142ej przestrzeni<\/h2>\n\n\n\n<p>Odpowiednie ustawienie sto\u0142u ma kluczowe znaczenie dla wygody u\u017cytkowania. st\u00f3\u0142 do kuchni 2 osoby mo\u017cna ustawi\u0107 na kilka sposob\u00f3w:<\/p>\n\n\n\n<ul class=\"wp-block-list\">\n<li>przy \u015bcianie<\/li>\n\n\n\n<li>w rogu pomieszczenia<\/li>\n\n\n\n<li>przy oknie<\/li>\n\n\n\n<li>jako przed\u0142u\u017cenie blatu kuchennego<\/li>\n<\/ul>\n\n\n\n<p>Najcz\u0119\u015bciej stosowanym rozwi\u0105zaniem jest ustawienie sto\u0142u przy \u015bcianie, co pozwala zaoszcz\u0119dzi\u0107 miejsce. W przypadku bardzo ma\u0142ych kuchni warto rozwa\u017cy\u0107 modele sk\u0142adane lub p\u00f3\u0142okr\u0105g\u0142e.<\/p>\n\n\n\n<p>Je\u015bli planujesz zakup sto\u0142u, zobacz r\u00f3wnie\u017c nasze zestawy sto\u0142\u00f3w z krzes\u0142ami, kt\u00f3re s\u0105 ju\u017c dopasowane pod wzgl\u0119dem stylu i wymiar\u00f3w.<\/p>\n\n\n\n<div class=\"wp-block-buttons is-layout-flex wp-block-buttons-is-layout-flex\">\n<div class=\"wp-block-button\"><a class=\"wp-block-button__link has-white-color has-luminous-vivid-orange-background-color has-text-color has-background has-link-color wp-element-button\" href=\"https:\/\/mebllegro.pl\/75-male-stoliki\">Sprawd\u017a ofert\u0119 teraz<\/a><\/div>\n<\/div>\n\n\n\n<h2 class=\"wp-block-heading\">Na co zwr\u00f3ci\u0107 uwag\u0119 przed zakupem sto\u0142u<\/h2>\n\n\n\n<p>Przed podj\u0119ciem decyzji warto przeanalizowa\u0107 kilka kluczowych aspekt\u00f3w:<\/p>\n\n\n\n<ol class=\"wp-block-list\">\n<li>dost\u0119pna przestrze\u0144 w kuchni<\/li>\n\n\n\n<li>liczba u\u017cytkownik\u00f3w<\/li>\n\n\n\n<li>styl wn\u0119trza<\/li>\n\n\n\n<li>funkcjonalno\u015b\u0107 sto\u0142u<\/li>\n\n\n\n<li>materia\u0142 wykonania<\/li>\n<\/ol>\n\n\n\n<p>Dobry wyb\u00f3r to taki, kt\u00f3ry \u0142\u0105czy wygod\u0119, estetyk\u0119 i trwa\u0142o\u015b\u0107.<\/p>\n\n\n\n<h2 class=\"wp-block-heading\">FAQ \u2013 najcz\u0119stsze pytania<\/h2>\n\n\n\n<h3 class=\"wp-block-heading\">Czy st\u00f3\u0142 do kuchni 2 osoby mo\u017ce by\u0107 rozk\u0142adany?<\/h3>\n\n\n\n<p>Tak, wiele modeli posiada funkcj\u0119 rozk\u0142adania, co pozwala zwi\u0119kszy\u0107 jego powierzchni\u0119 w razie potrzeby.<\/p>\n\n\n\n<h3 class=\"wp-block-heading\">Jaki kszta\u0142t sto\u0142u jest najlepszy do ma\u0142ej kuchni?<\/h3>\n\n\n\n<p>Najcz\u0119\u015bciej wybierane s\u0105 sto\u0142y prostok\u0105tne i p\u00f3\u0142okr\u0105g\u0142e, poniewa\u017c \u0142atwo je ustawi\u0107 przy \u015bcianie.<\/p>\n\n\n\n<h3 class=\"wp-block-heading\">Czy ma\u0142y st\u00f3\u0142 kuchenny 2 osoby sprawdzi si\u0119 w salonie?<\/h3>\n\n\n\n<p>Tak, szczeg\u00f3lnie w kawalerkach, gdzie kuchnia \u0142\u0105czy si\u0119 z salonem.<\/p>\n\n\n\n<h2 class=\"wp-block-heading\">Praktyczne wskaz\u00f3wki na koniec<\/h2>\n\n\n\n<p>Dobieraj\u0105c st\u00f3\u0142 do kuchni 2 osoby, warto kierowa\u0107 si\u0119 nie tylko <a href=\"https:\/\/www.kuchenny.com.pl\/982-18-jak-urzadzic-mala-kuchnie.html\" target=\"_blank\" rel=\"noopener\">wygl\u0105dem<\/a>, ale przede wszystkim funkcjonalno\u015bci\u0105. Ma\u0142y st\u00f3\u0142 mo\u017ce by\u0107 w pe\u0142ni komfortowy, je\u015bli jest dobrze zaprojektowany i dopasowany do przestrzeni.<\/p>\n\n\n\n<p>Je\u015bli szukasz sprawdzonych rozwi\u0105za\u0144, sprawd\u017a nasz\u0105 ofert\u0119 sto\u0142\u00f3w i skontaktuj si\u0119 z nami. Pomo\u017cemy dobra\u0107 model dopasowany do Twojego wn\u0119trza i potrzeb.<\/p>\n\n\n\n<p>Nie zwlekaj \u2013 dobrze dobrany st\u00f3\u0142 to podstawa wygodnej kuchni.<\/p>\n","protected":false},"excerpt":{"rendered":"<p>Wyb\u00f3r odpowiedniego sto\u0142u do niewielkiej kuchni mo\u017ce wydawa\u0107 si\u0119 prosty, ale w praktyce wymaga przemy\u015blenia kilku kluczowych kwestii. st\u00f3\u0142 do kuchni 2 osoby powinien by\u0107 nie tylko dopasowany do dost\u0119pnego miejsca, ale te\u017c funkcjonalny i wygodny w codziennym u\u017cytkowaniu. W ma\u0142ych mieszkaniach ka\u017cdy centymetr ma znaczenie, dlatego decyzja o zakupie sto\u0142u powinna uwzgl\u0119dnia\u0107 zar\u00f3wno jego [&hellip;]<\/p>\n","protected":false},"author":2,"featured_media":488,"comment_status":"closed","ping_status":"open","sticky":false,"template":"","format":"standard","meta":{"footnotes":""},"categories":[1],"tags":[],"class_list":["post-487","post","type-post","status-publish","format-standard","has-post-thumbnail","hentry","category-mebllegro"],"_links":{"self":[{"href":"https:\/\/mebllegro.pl\/content\/wp-json\/wp\/v2\/posts\/487","targetHints":{"allow":["GET"]}}],"collection":[{"href":"https:\/\/mebllegro.pl\/content\/wp-json\/wp\/v2\/posts"}],"about":[{"href":"https:\/\/mebllegro.pl\/content\/wp-json\/wp\/v2\/types\/post"}],"author":[{"embeddable":true,"href":"https:\/\/mebllegro.pl\/content\/wp-json\/wp\/v2\/users\/2"}],"replies":[{"embeddable":true,"href":"https:\/\/mebllegro.pl\/content\/wp-json\/wp\/v2\/comments?post=487"}],"version-history":[{"count":1,"href":"https:\/\/mebllegro.pl\/content\/wp-json\/wp\/v2\/posts\/487\/revisions"}],"predecessor-version":[{"id":489,"href":"https:\/\/mebllegro.pl\/content\/wp-json\/wp\/v2\/posts\/487\/revisions\/489"}],"wp:featuredmedia":[{"embeddable":true,"href":"https:\/\/mebllegro.pl\/content\/wp-json\/wp\/v2\/media\/488"}],"wp:attachment":[{"href":"https:\/\/mebllegro.pl\/content\/wp-json\/wp\/v2\/media?parent=487"}],"wp:term":[{"taxonomy":"category","embeddable":true,"href":"https:\/\/mebllegro.pl\/content\/wp-json\/wp\/v2\/categories?post=487"},{"taxonomy":"post_tag","embeddable":true,"href":"https:\/\/mebllegro.pl\/content\/wp-json\/wp\/v2\/tags?post=487"}],"curies":[{"name":"wp","href":"https:\/\/api.w.org\/{rel}","templated":true}]}}